{"id":18227,"date":"2026-02-14T18:05:14","date_gmt":"2026-02-14T18:05:14","guid":{"rendered":"http:\/\/internationalcarnavalcup.com\/?p=18227"},"modified":"2026-02-14T18:05:14","modified_gmt":"2026-02-14T18:05:14","slug":"el-torneig-arriba-als-vuitens-de-final-amb-dos-partidassos-confirmats","status":"publish","type":"post","link":"http:\/\/internationalcarnavalcup.com\/ca\/el-torneig-arriba-als-vuitens-de-final-amb-dos-partidassos-confirmats\/","title":{"rendered":"El torneig arriba als vuitens de final, amb dos &#8216;partidassos&#8217; confirmats"},"content":{"rendered":"<h3>Girona-Genk i Damm-Bar\u00e7a ja s\u00f3n els primers enfrontaments confirmats dels vuitens de final en categoria Sub13, despr\u00e9s de la disputa dels setzens amb resultats ajustats i molt competits.<\/h3>\n<p>El Bar\u00e7a va superar la seva eliminat\u00f2ria amb un 2-0 s\u00f2lid que li va permetre accedir a la seg\u00fcent ronda amb confian\u00e7a i bones sensacions. En l\u2019altre partit destacat dels setzens, el Genk es va imposar per 0-1 davant el Sevilla en un duel molt equilibrat que es va decidir per petits detalls.<\/p>\n<p>El Girona arribava a aquesta fase com a l\u00edder de la classificaci\u00f3 de la fase lliga, demostrant regularitat i un alt nivell de joc durant tota la competici\u00f3. El Damm, per la seva banda, havia finalitzat en segona posici\u00f3, consolidant-se com un dels equips m\u00e9s s\u00f2lids del torneig en aquesta categoria.<\/p>\n<p>Els encreuaments prometen emoci\u00f3, ja que tant Girona com Genk han mostrat una gran capacitat competitiva i un estil de joc molt intens.<br \/>\nEl duel entre Damm i Bar\u00e7a tamb\u00e9 es preveu igualat, amb dos conjunts que destaquen per la seva organitzaci\u00f3 t\u00e0ctica i el talent dels seus joves jugadors.<\/p>\n<p>Amb aquests primers vuitens definits, el torneig Sub13 entra en una fase decisiva on qualsevol error pot ser determinant per continuar aspirant al t\u00edtol.<\/p>\n","protected":false},"excerpt":{"rendered":"<p>Girona-Genk i Damm-Bar\u00e7a ja s\u00f3n els primers enfrontaments confirmats dels vuitens de final en categoria Sub13, despr\u00e9s de la disputa dels setzens amb resultats ajustats i molt competits. El Bar\u00e7a va superar la seva eliminat\u00f2ria amb un 2-0 s\u00f2lid que [&hellip;]<\/p>\n","protected":false},"author":5,"featured_media":18228,"comment_status":"closed","ping_status":"open","sticky":false,"template":"","format":"standard","meta":{"footnotes":""},"categories":[141],"tags":[],"class_list":["post-18227","post","type-post","status-publish","format-standard","has-post-thumbnail","hentry","category-international-carnaval-cup-2026-3"],"_links":{"self":[{"href":"http:\/\/internationalcarnavalcup.com\/ca\/wp-json\/wp\/v2\/posts\/18227","targetHints":{"allow":["GET"]}}],"collection":[{"href":"http:\/\/internationalcarnavalcup.com\/ca\/wp-json\/wp\/v2\/posts"}],"about":[{"href":"http:\/\/internationalcarnavalcup.com\/ca\/wp-json\/wp\/v2\/types\/post"}],"author":[{"embeddable":true,"href":"http:\/\/internationalcarnavalcup.com\/ca\/wp-json\/wp\/v2\/users\/5"}],"replies":[{"embeddable":true,"href":"http:\/\/internationalcarnavalcup.com\/ca\/wp-json\/wp\/v2\/comments?post=18227"}],"version-history":[{"count":1,"href":"http:\/\/internationalcarnavalcup.com\/ca\/wp-json\/wp\/v2\/posts\/18227\/revisions"}],"predecessor-version":[{"id":18231,"href":"http:\/\/internationalcarnavalcup.com\/ca\/wp-json\/wp\/v2\/posts\/18227\/revisions\/18231"}],"wp:featuredmedia":[{"embeddable":true,"href":"http:\/\/internationalcarnavalcup.com\/ca\/wp-json\/wp\/v2\/media\/18228"}],"wp:attachment":[{"href":"http:\/\/internationalcarnavalcup.com\/ca\/wp-json\/wp\/v2\/media?parent=18227"}],"wp:term":[{"taxonomy":"category","embeddable":true,"href":"http:\/\/internationalcarnavalcup.com\/ca\/wp-json\/wp\/v2\/categories?post=18227"},{"taxonomy":"post_tag","embeddable":true,"href":"http:\/\/internationalcarnavalcup.com\/ca\/wp-json\/wp\/v2\/tags?post=18227"}],"curies":[{"name":"wp","href":"https:\/\/api.w.org\/{rel}","templated":true}]}}